{"id":29195,"date":"2023-04-14T08:37:07","date_gmt":"2023-04-14T08:37:07","guid":{"rendered":"https:\/\/elixscent.com\/?p=29195"},"modified":"2025-06-16T08:50:31","modified_gmt":"2025-06-16T08:50:31","slug":"zmienic-klimat-wewnatrz-samochodu","status":"publish","type":"post","link":"https:\/\/elixscent.com\/pl\/change-the-climate-inside-your-car\/","title":{"rendered":"Zmiana klimatu wewn\u0105trz samochodu"},"content":{"rendered":"<section id=\"section-8-57421\" class=\"ct-section\" ><div class=\"ct-section-inner-wrap\"><h3 id=\"headline-10-57421\" class=\"ct-headline\">Czy chcesz dokona\u0107 zakupu detalicznego?<\/h3><h4 id=\"headline-12-57421\" class=\"ct-headline\">Odwied\u017a nasz sklep internetowy!<\/h4><a id=\"link_button-14-57421\" class=\"ct-link-button\" href=\"https:\/\/www.airfresh24.com\/shop\" target=\"_self\"  >Kup online<\/a><\/div><\/section>\n\n\n\n<p><\/p>\n\n\n\n<p>Przez wiele lat \"od\u015bwie\u017cacze samochodowe\" by\u0142y recept\u0105 na zatuszowanie niezbyt przyjemnego zapachu wydzielanego przez wys\u0142u\u017cone pojazdy. Zniszczone wn\u0119trza obwieszone niezliczon\u0105 ilo\u015bci\u0105 pachn\u0105cych choinek sta\u0142y si\u0119 nawet tematem zabawnych mem\u00f3w. Ale przecie\u017c nie ka\u017cdy je\u017adzi star\u0105 taks\u00f3wk\u0105 czy zat\u0142oczonym autobusem podmiejskim. Elegancki u\u017cytkownik czystego samochodu, pasjonat motoryzacji wymaga czego\u015b bardziej subtelnego. Czego\u015b w rodzaju starannie dobranego od\u015bwie\u017cacza powietrza. W niekt\u00f3rych krajach u\u017cywa si\u0119 tu okre\u015blenia \"perfumy samochodowe\" - w przypadku zadbanych wn\u0119trz wydaje si\u0119 ono nawet bardziej adekwatne.<\/p>\n\n\n\n<p>Mocne od\u015bwie\u017cacze powietrza w eleganckich wn\u0119trzach s\u0105 troch\u0119 jak s\u0142o\u0144 w sk\u0142adzie porcelany. Swoim intensywnym aromatem otulaj\u0105 wszystko, przechodz\u0105c nawet na ubrania u\u017cytkownik\u00f3w. Latem mo\u017ce by\u0107 nawet zabawnie, gdy intensywny zapach wanilii wskazuje, gdzie znajduje si\u0119 najbli\u017cszy post\u00f3j taks\u00f3wek.<\/p>\n\n\n\n<h2 class=\"wp-block-heading\" id=\"h-scent-a-tasteful-addition\"><strong>Zapach - gustowny dodatek<\/strong><\/h2>\n\n\n\n<p>Dobrej jako\u015bci samochodowe od\u015bwie\u017cacze powietrza i perfumy maj\u0105 zupe\u0142nie inny cel. S\u0105 dyskretne i nie zast\u0119puj\u0105 wizyty w samochodowym spa, lecz j\u0105 uzupe\u0142niaj\u0105. Odpowiednio dobrane potrafi\u0105 podkre\u015bli\u0107 delikatny zapach naturalnej sk\u00f3rzanej tapicerki, idealnie wkomponowa\u0107 si\u0119 w niepowtarzalny aromat nowego samochodu i uzupe\u0142ni\u0107 eleganckie, czyste wn\u0119trze, do kt\u00f3rego wsiadaj\u0105 pasa\u017cerowie. Je\u015bli kto\u015b dba o sw\u00f3j samoch\u00f3d i uwa\u017ca go za wa\u017cny element swojego wizerunku, nie powinien zapomina\u0107 o odpowiednim dla niego zapachu. Skoro na perfumy i wody toaletowe mo\u017cna wyda\u0107 setki, a nawet tysi\u0105ce z\u0142otych, dlaczego nie zadba\u0107 o to, by ka\u017cdego dnia cieszy\u0107 si\u0119 wyj\u0105tkowym aromatem czystego, wypiel\u0119gnowanego wn\u0119trza samochodu?<\/p>\n\n\n\n<h2 class=\"wp-block-heading\"><strong>Przede wszystkim nie szkodzi\u0107!<\/strong><\/h2>\n\n\n\n<p>To bardzo popularne zalecenie medyczne pasuje r\u00f3wnie\u017c do bran\u017cy od\u015bwie\u017caczy powietrza. Dobre od\u015bwie\u017cacze nie powoduj\u0105 b\u00f3lu g\u0142owy, poniewa\u017c nie zawieraj\u0105 szkodliwych substancji. Okazuje si\u0119 bowiem, \u017ce przyczyn\u0105 podra\u017cnie\u0144 nie jest zazwyczaj sam intensywny zapach, ale substancje chemiczne u\u017cyte do jego produkcji (np. r\u00f3\u017cnego rodzaju rozpuszczalniki). Produkty ELiX b\u0119d\u0105 wytwarzane w spos\u00f3b bezpieczny dla zdrowia, co potwierdzaj\u0105 stosowne certyfikaty ISO. <\/p>\n\n\n\n<p>Kupuj\u0105c inne produkty, warto zwr\u00f3ci\u0107 uwag\u0119 na opakowanie. Europejscy producenci z regu\u0142y przestrzegaj\u0105 procedur i w swoich od\u015bwie\u017caczach powietrza stosuj\u0105 wy\u0142\u0105cznie substancje z rejestru substancji dopuszczonych do stosowania w Europie (pakiet ustaw REACH). Od\u015bwie\u017cacze importowane - zw\u0142aszcza te zamawiane przez Internet - mog\u0105 zawiera\u0107 \"niespodzianki\" skutkuj\u0105ce np. b\u00f3lem g\u0142owy.<\/p>\n\n\n\n<h2 class=\"wp-block-heading\"><strong>Aromatycznie, ale bez przesady!<\/strong><\/h2>\n\n\n\n<p>Fakt, \u017ce dana osoba przestaje czu\u0107 konkretny zapach po kilku minutach, jest naturalny i wynika z naszej anatomii. Po prostu przyzwyczajamy si\u0119 do danego aromatu. Aby utrzyma\u0107 wra\u017cenia w\u0119chowe, nale\u017cy u\u017cywa\u0107 zbyt mocnych od\u015bwie\u017caczy powietrza, ale od czasu do czasu wymienia\u0107 zapach na inny lub... nie przejmowa\u0107 si\u0119 tym, bo je\u015bli wyjdziemy z samochodu, to po powrocie zn\u00f3w poczujemy zapach od\u015bwie\u017cacza, bo zmys\u0142y si\u0119 \"oczyszcz\u0105\".<\/p>\n\n\n\n<blockquote class=\"wp-block-quote is-layout-flow wp-block-quote-is-layout-flow\">\n<p>Z aromatem jest jak z d\u017awi\u0119kiem. Delikatny pie\u015bci zmys\u0142y, nieco intensywniejszy mo\u017ce poprawi\u0107 nastr\u00f3j, ale zbyt mocny powoduje dyskomfort, a nawet b\u00f3l. ELiX zaleca stosowanie \u0142agodnych nut zapachowych i przestrzega przed przesad\u0105.&nbsp;<\/p>\n<cite>Waldemar Stasiak, ELiX<\/cite><\/blockquote>\n\n\n\n<p><\/p>\n\n\n\n<h2 class=\"wp-block-heading\"><strong>Mo\u017ce zmieni\u0107 nastr\u00f3j&nbsp;<\/strong><\/h2>\n\n\n\n<p>Producenci samochod\u00f3w doskonale zdaj\u0105 sobie spraw\u0119 ze znaczenia zapachu samochodu. Wiod\u0105ce marki odr\u00f3\u017cniaj\u0105 si\u0119 od marek bud\u017cetowych mi\u0119dzy innymi w\u0142a\u015bnie zapachem wn\u0119trza. Zamiast tanich plastik\u00f3w, poczuj niepowtarzalny aromat \"nowego samochodu\". Co ciekawe, zapach mo\u017ce znacz\u0105co wp\u0142ywa\u0107 na nastr\u00f3j i koncentracj\u0119 kierowcy. Coraz cz\u0119\u015bciej pojawiaj\u0105 si\u0119 badania, kt\u00f3re pokazuj\u0105, \u017ce zapach trawy czy perfum mo\u017ce rozprasza\u0107 kierowc\u0119, a nuty cytrus\u00f3w i kawy pozwalaj\u0105 lepiej skupi\u0107 si\u0119 na drodze.<\/p>","protected":false},"excerpt":{"rendered":"<p>ELiX - polski producent najwy\u017cszej jako\u015bci od\u015bwie\u017caczy powietrza - wskazuje na najnowsze trendy rynkowe w tej bran\u017cy i podpowiada, jak jeszcze lepiej wyrazi\u0107 i podkre\u015bli\u0107 zapachowo sw\u00f3j wizerunek.<\/p>","protected":false},"author":2,"featured_media":29196,"comment_status":"closed","ping_status":"closed","sticky":false,"template":"","format":"standard","meta":{"_acf_changed":false,"footnotes":""},"categories":[66],"tags":[57,134],"class_list":["post-29195","post","type-post","status-publish","format-standard","has-post-thumbnail","hentry","category-car-air-fresheners","tag-elix-air-freshener-manufacturer","tag-car-air-fresheners"],"acf":[],"yoast_head":"<!-- This site is optimized with the Yoast SEO Premium plugin v27.4 (Yoast SEO v27.4) - https:\/\/yoast.com\/product\/yoast-seo-premium-wordpress\/ -->\n<title>Change the climate inside your car | ELiX Scent<\/title>\n<meta name=\"description\" content=\"Transform your driving experience with car fragrances that refresh, relax, and redefine the atmosphere inside your vehicle.\" \/>\n<meta name=\"robots\" content=\"index, follow, max-snippet:-1, max-image-preview:large, max-video-preview:-1\" \/>\n<link rel=\"canonical\" href=\"https:\/\/elixscent.com\/pl\/zmienic-klimat-wewnatrz-samochodu\/\" \/>\n<meta property=\"og:locale\" content=\"pl_PL\" \/>\n<meta property=\"og:type\" content=\"article\" \/>\n<meta property=\"og:title\" content=\"Change the climate inside your car\" \/>\n<meta property=\"og:description\" content=\"Transform your driving experience with car fragrances that refresh, relax, and redefine the atmosphere inside your vehicle.\" \/>\n<meta property=\"og:url\" content=\"https:\/\/elixscent.com\/pl\/zmienic-klimat-wewnatrz-samochodu\/\" \/>\n<meta property=\"og:site_name\" content=\"ELiX EU air fresheners\" \/>\n<meta property=\"article:published_time\" content=\"2023-04-14T08:37:07+00:00\" \/>\n<meta property=\"article:modified_time\" content=\"2025-06-16T08:50:31+00:00\" \/>\n<meta property=\"og:image\" content=\"https:\/\/elixscent.com\/wp-content\/uploads\/ELiX-change-the-climat-in-car.jpeg\" \/>\n\t<meta property=\"og:image:width\" content=\"2480\" \/>\n\t<meta property=\"og:image:height\" content=\"1244\" \/>\n\t<meta property=\"og:image:type\" content=\"image\/jpeg\" \/>\n<meta name=\"author\" content=\"Waldemar Stasiak\" \/>\n<meta name=\"twitter:card\" content=\"summary_large_image\" \/>\n<meta name=\"twitter:label1\" content=\"Napisane przez\" \/>\n\t<meta name=\"twitter:data1\" content=\"Waldemar Stasiak\" \/>\n\t<meta name=\"twitter:label2\" content=\"Szacowany czas czytania\" \/>\n\t<meta name=\"twitter:data2\" content=\"1 minuta\" \/>\n<script type=\"application\/ld+json\" class=\"yoast-schema-graph\">{\"@context\":\"https:\\\/\\\/schema.org\",\"@graph\":[{\"@type\":\"Article\",\"@id\":\"https:\\\/\\\/elixscent.com\\\/change-the-climate-inside-your-car\\\/#article\",\"isPartOf\":{\"@id\":\"https:\\\/\\\/elixscent.com\\\/change-the-climate-inside-your-car\\\/\"},\"author\":{\"name\":\"Waldemar Stasiak\",\"@id\":\"https:\\\/\\\/elixscent.com\\\/#\\\/schema\\\/person\\\/6a660a8da71f6bf03e79fc6d7a1f5ca2\"},\"headline\":\"Change the climate inside your car\",\"datePublished\":\"2023-04-14T08:37:07+00:00\",\"dateModified\":\"2025-06-16T08:50:31+00:00\",\"mainEntityOfPage\":{\"@id\":\"https:\\\/\\\/elixscent.com\\\/change-the-climate-inside-your-car\\\/\"},\"wordCount\":857,\"publisher\":{\"@id\":\"https:\\\/\\\/elixscent.com\\\/#organization\"},\"image\":{\"@id\":\"https:\\\/\\\/elixscent.com\\\/change-the-climate-inside-your-car\\\/#primaryimage\"},\"thumbnailUrl\":\"https:\\\/\\\/elixscent.com\\\/wp-content\\\/uploads\\\/ELiX-change-the-climat-in-car.jpeg\",\"keywords\":[\"elix air freshener manufacturer\",\"Car Air Fresheners\"],\"articleSection\":[\"Car Air Fresheners\"],\"inLanguage\":\"pl-PL\"},{\"@type\":\"WebPage\",\"@id\":\"https:\\\/\\\/elixscent.com\\\/change-the-climate-inside-your-car\\\/\",\"url\":\"https:\\\/\\\/elixscent.com\\\/change-the-climate-inside-your-car\\\/\",\"name\":\"Change the climate inside your car | ELiX Scent\",\"isPartOf\":{\"@id\":\"https:\\\/\\\/elixscent.com\\\/#website\"},\"primaryImageOfPage\":{\"@id\":\"https:\\\/\\\/elixscent.com\\\/change-the-climate-inside-your-car\\\/#primaryimage\"},\"image\":{\"@id\":\"https:\\\/\\\/elixscent.com\\\/change-the-climate-inside-your-car\\\/#primaryimage\"},\"thumbnailUrl\":\"https:\\\/\\\/elixscent.com\\\/wp-content\\\/uploads\\\/ELiX-change-the-climat-in-car.jpeg\",\"datePublished\":\"2023-04-14T08:37:07+00:00\",\"dateModified\":\"2025-06-16T08:50:31+00:00\",\"description\":\"Transform your driving experience with car fragrances that refresh, relax, and redefine the atmosphere inside your vehicle.\",\"breadcrumb\":{\"@id\":\"https:\\\/\\\/elixscent.com\\\/change-the-climate-inside-your-car\\\/#breadcrumb\"},\"inLanguage\":\"pl-PL\",\"potentialAction\":[{\"@type\":\"ReadAction\",\"target\":[\"https:\\\/\\\/elixscent.com\\\/change-the-climate-inside-your-car\\\/\"]}]},{\"@type\":\"ImageObject\",\"inLanguage\":\"pl-PL\",\"@id\":\"https:\\\/\\\/elixscent.com\\\/change-the-climate-inside-your-car\\\/#primaryimage\",\"url\":\"https:\\\/\\\/elixscent.com\\\/wp-content\\\/uploads\\\/ELiX-change-the-climat-in-car.jpeg\",\"contentUrl\":\"https:\\\/\\\/elixscent.com\\\/wp-content\\\/uploads\\\/ELiX-change-the-climat-in-car.jpeg\",\"width\":2480,\"height\":1244,\"caption\":\"ELiX change the climat in car\"},{\"@type\":\"BreadcrumbList\",\"@id\":\"https:\\\/\\\/elixscent.com\\\/change-the-climate-inside-your-car\\\/#breadcrumb\",\"itemListElement\":[{\"@type\":\"ListItem\",\"position\":1,\"name\":\"Home\",\"item\":\"https:\\\/\\\/elixscent.com\\\/\"},{\"@type\":\"ListItem\",\"position\":2,\"name\":\"Car Air Fresheners\",\"item\":\"https:\\\/\\\/elixscent.com\\\/category\\\/car-air-fresheners\\\/\"},{\"@type\":\"ListItem\",\"position\":3,\"name\":\"Change the climate inside your car\"}]},{\"@type\":\"WebSite\",\"@id\":\"https:\\\/\\\/elixscent.com\\\/#website\",\"url\":\"https:\\\/\\\/elixscent.com\\\/\",\"name\":\"ELiX EU air fresheners\",\"description\":\"Air &amp; Fabric, Perfectly Fresh\",\"publisher\":{\"@id\":\"https:\\\/\\\/elixscent.com\\\/#organization\"},\"potentialAction\":[{\"@type\":\"SearchAction\",\"target\":{\"@type\":\"EntryPoint\",\"urlTemplate\":\"https:\\\/\\\/elixscent.com\\\/?s={search_term_string}\"},\"query-input\":{\"@type\":\"PropertyValueSpecification\",\"valueRequired\":true,\"valueName\":\"search_term_string\"}}],\"inLanguage\":\"pl-PL\"},{\"@type\":\"Organization\",\"@id\":\"https:\\\/\\\/elixscent.com\\\/#organization\",\"name\":\"ELIX air freshener manufacturer\",\"url\":\"https:\\\/\\\/elixscent.com\\\/\",\"logo\":{\"@type\":\"ImageObject\",\"inLanguage\":\"pl-PL\",\"@id\":\"https:\\\/\\\/elixscent.com\\\/#\\\/schema\\\/logo\\\/image\\\/\",\"url\":\"https:\\\/\\\/elixscent.com\\\/wp-content\\\/uploads\\\/elix_logo_1.0-_300.jpg\",\"contentUrl\":\"https:\\\/\\\/elixscent.com\\\/wp-content\\\/uploads\\\/elix_logo_1.0-_300.jpg\",\"width\":300,\"height\":257,\"caption\":\"ELIX air freshener manufacturer\"},\"image\":{\"@id\":\"https:\\\/\\\/elixscent.com\\\/#\\\/schema\\\/logo\\\/image\\\/\"},\"sameAs\":[\"https:\\\/\\\/www.linkedin.com\\\/company\\\/30084929\"]},{\"@type\":\"Person\",\"@id\":\"https:\\\/\\\/elixscent.com\\\/#\\\/schema\\\/person\\\/6a660a8da71f6bf03e79fc6d7a1f5ca2\",\"name\":\"Waldemar Stasiak\",\"image\":{\"@type\":\"ImageObject\",\"inLanguage\":\"pl-PL\",\"@id\":\"https:\\\/\\\/secure.gravatar.com\\\/avatar\\\/7d56ee2e597c4c6d7dc5e979ca37c696a4007a4e3b6d0fc95cab929c2bc64d61?s=96&d=mm&r=g\",\"url\":\"https:\\\/\\\/secure.gravatar.com\\\/avatar\\\/7d56ee2e597c4c6d7dc5e979ca37c696a4007a4e3b6d0fc95cab929c2bc64d61?s=96&d=mm&r=g\",\"contentUrl\":\"https:\\\/\\\/secure.gravatar.com\\\/avatar\\\/7d56ee2e597c4c6d7dc5e979ca37c696a4007a4e3b6d0fc95cab929c2bc64d61?s=96&d=mm&r=g\",\"caption\":\"Waldemar Stasiak\"},\"description\":\"With over two decades in the fragrance and air freshener industry, Waldemar Stasiak is a visionary entrepreneur and co-founder of ELiX Ltd. Under his leadership, ELiX has grown into a globally recognised brand, offering both ELiX-branded and private label air fresheners, known for their exceptional quality and innovation. Passionate about sustainability, he prioritises eco-friendly solutions, focusing on natural fragrances and reducing environmental impact. His commitment to global expansion has led ELiX to major international events, strengthening its worldwide presence. For Mr. Stasiak, fragrance is an art, capable of transforming spaces and emotions. He continues to push industry boundaries, fostering innovation and forming valuable partnerships to shape the future of scent.\",\"url\":\"https:\\\/\\\/elixscent.com\\\/pl\\\/author\\\/wstasiak\\\/\"}]}<\/script>\n<!-- \/ Yoast SEO Premium plugin. -->","yoast_head_json":{"title":"Zmie\u0144 klimat w swoim samochodzie | ELiX Scent","description":"Odmie\u0144 swoje wra\u017cenia z jazdy dzi\u0119ki zapachom samochodowym, kt\u00f3re od\u015bwie\u017caj\u0105, relaksuj\u0105 i na nowo definiuj\u0105 atmosfer\u0119 wewn\u0105trz pojazdu.","robots":{"index":"index","follow":"follow","max-snippet":"max-snippet:-1","max-image-preview":"max-image-preview:large","max-video-preview":"max-video-preview:-1"},"canonical":"https:\/\/elixscent.com\/pl\/zmienic-klimat-wewnatrz-samochodu\/","og_locale":"pl_PL","og_type":"article","og_title":"Change the climate inside your car","og_description":"Transform your driving experience with car fragrances that refresh, relax, and redefine the atmosphere inside your vehicle.","og_url":"https:\/\/elixscent.com\/pl\/zmienic-klimat-wewnatrz-samochodu\/","og_site_name":"ELiX EU air fresheners","article_published_time":"2023-04-14T08:37:07+00:00","article_modified_time":"2025-06-16T08:50:31+00:00","og_image":[{"width":2480,"height":1244,"url":"https:\/\/elixscent.com\/wp-content\/uploads\/ELiX-change-the-climat-in-car.jpeg","type":"image\/jpeg"}],"author":"Waldemar Stasiak","twitter_card":"summary_large_image","twitter_misc":{"Napisane przez":"Waldemar Stasiak","Szacowany czas czytania":"1 minuta"},"schema":{"@context":"https:\/\/schema.org","@graph":[{"@type":"Article","@id":"https:\/\/elixscent.com\/change-the-climate-inside-your-car\/#article","isPartOf":{"@id":"https:\/\/elixscent.com\/change-the-climate-inside-your-car\/"},"author":{"name":"Waldemar Stasiak","@id":"https:\/\/elixscent.com\/#\/schema\/person\/6a660a8da71f6bf03e79fc6d7a1f5ca2"},"headline":"Change the climate inside your car","datePublished":"2023-04-14T08:37:07+00:00","dateModified":"2025-06-16T08:50:31+00:00","mainEntityOfPage":{"@id":"https:\/\/elixscent.com\/change-the-climate-inside-your-car\/"},"wordCount":857,"publisher":{"@id":"https:\/\/elixscent.com\/#organization"},"image":{"@id":"https:\/\/elixscent.com\/change-the-climate-inside-your-car\/#primaryimage"},"thumbnailUrl":"https:\/\/elixscent.com\/wp-content\/uploads\/ELiX-change-the-climat-in-car.jpeg","keywords":["elix air freshener manufacturer","Car Air Fresheners"],"articleSection":["Car Air Fresheners"],"inLanguage":"pl-PL"},{"@type":"WebPage","@id":"https:\/\/elixscent.com\/change-the-climate-inside-your-car\/","url":"https:\/\/elixscent.com\/change-the-climate-inside-your-car\/","name":"Zmie\u0144 klimat w swoim samochodzie | ELiX Scent","isPartOf":{"@id":"https:\/\/elixscent.com\/#website"},"primaryImageOfPage":{"@id":"https:\/\/elixscent.com\/change-the-climate-inside-your-car\/#primaryimage"},"image":{"@id":"https:\/\/elixscent.com\/change-the-climate-inside-your-car\/#primaryimage"},"thumbnailUrl":"https:\/\/elixscent.com\/wp-content\/uploads\/ELiX-change-the-climat-in-car.jpeg","datePublished":"2023-04-14T08:37:07+00:00","dateModified":"2025-06-16T08:50:31+00:00","description":"Odmie\u0144 swoje wra\u017cenia z jazdy dzi\u0119ki zapachom samochodowym, kt\u00f3re od\u015bwie\u017caj\u0105, relaksuj\u0105 i na nowo definiuj\u0105 atmosfer\u0119 wewn\u0105trz pojazdu.","breadcrumb":{"@id":"https:\/\/elixscent.com\/change-the-climate-inside-your-car\/#breadcrumb"},"inLanguage":"pl-PL","potentialAction":[{"@type":"ReadAction","target":["https:\/\/elixscent.com\/change-the-climate-inside-your-car\/"]}]},{"@type":"ImageObject","inLanguage":"pl-PL","@id":"https:\/\/elixscent.com\/change-the-climate-inside-your-car\/#primaryimage","url":"https:\/\/elixscent.com\/wp-content\/uploads\/ELiX-change-the-climat-in-car.jpeg","contentUrl":"https:\/\/elixscent.com\/wp-content\/uploads\/ELiX-change-the-climat-in-car.jpeg","width":2480,"height":1244,"caption":"ELiX change the climat in car"},{"@type":"BreadcrumbList","@id":"https:\/\/elixscent.com\/change-the-climate-inside-your-car\/#breadcrumb","itemListElement":[{"@type":"ListItem","position":1,"name":"Home","item":"https:\/\/elixscent.com\/"},{"@type":"ListItem","position":2,"name":"Car Air Fresheners","item":"https:\/\/elixscent.com\/category\/car-air-fresheners\/"},{"@type":"ListItem","position":3,"name":"Change the climate inside your car"}]},{"@type":"WebSite","@id":"https:\/\/elixscent.com\/#website","url":"https:\/\/elixscent.com\/","name":"Od\u015bwie\u017cacze powietrza ELiX EU","description":"Powietrze i tkaniny, idealnie \u015bwie\u017ce","publisher":{"@id":"https:\/\/elixscent.com\/#organization"},"potentialAction":[{"@type":"SearchAction","target":{"@type":"EntryPoint","urlTemplate":"https:\/\/elixscent.com\/?s={search_term_string}"},"query-input":{"@type":"PropertyValueSpecification","valueRequired":true,"valueName":"search_term_string"}}],"inLanguage":"pl-PL"},{"@type":"Organization","@id":"https:\/\/elixscent.com\/#organization","name":"Producent od\u015bwie\u017caczy powietrza ELIX","url":"https:\/\/elixscent.com\/","logo":{"@type":"ImageObject","inLanguage":"pl-PL","@id":"https:\/\/elixscent.com\/#\/schema\/logo\/image\/","url":"https:\/\/elixscent.com\/wp-content\/uploads\/elix_logo_1.0-_300.jpg","contentUrl":"https:\/\/elixscent.com\/wp-content\/uploads\/elix_logo_1.0-_300.jpg","width":300,"height":257,"caption":"ELIX air freshener manufacturer"},"image":{"@id":"https:\/\/elixscent.com\/#\/schema\/logo\/image\/"},"sameAs":["https:\/\/www.linkedin.com\/company\/30084929"]},{"@type":"Person","@id":"https:\/\/elixscent.com\/#\/schema\/person\/6a660a8da71f6bf03e79fc6d7a1f5ca2","name":"Waldemar Stasiak","image":{"@type":"ImageObject","inLanguage":"pl-PL","@id":"https:\/\/secure.gravatar.com\/avatar\/7d56ee2e597c4c6d7dc5e979ca37c696a4007a4e3b6d0fc95cab929c2bc64d61?s=96&d=mm&r=g","url":"https:\/\/secure.gravatar.com\/avatar\/7d56ee2e597c4c6d7dc5e979ca37c696a4007a4e3b6d0fc95cab929c2bc64d61?s=96&d=mm&r=g","contentUrl":"https:\/\/secure.gravatar.com\/avatar\/7d56ee2e597c4c6d7dc5e979ca37c696a4007a4e3b6d0fc95cab929c2bc64d61?s=96&d=mm&r=g","caption":"Waldemar Stasiak"},"description":"Z ponad dwudziestoletnim do\u015bwiadczeniem w bran\u017cy zapach\u00f3w i od\u015bwie\u017caczy powietrza, Waldemar Stasiak jest wizjonerskim przedsi\u0119biorc\u0105 i wsp\u00f3\u0142za\u0142o\u017cycielem ELiX Ltd.. Pod jego kierownictwem ELiX sta\u0142 si\u0119 rozpoznawaln\u0105 na ca\u0142ym \u015bwiecie mark\u0105, oferuj\u0105c\u0105 od\u015bwie\u017cacze powietrza zar\u00f3wno pod mark\u0105 ELiX, jak i pod mark\u0105 w\u0142asn\u0105, znan\u0105 z wyj\u0105tkowej jako\u015bci i innowacyjno\u015bci. Pasjonat zr\u00f3wnowa\u017conego rozwoju, priorytetowo traktuje rozwi\u0105zania przyjazne dla \u015brodowiska, koncentruj\u0105c si\u0119 na naturalnych zapachach i zmniejszaj\u0105c wp\u0142yw na \u015brodowisko. Jego zaanga\u017cowanie w globaln\u0105 ekspansj\u0119 doprowadzi\u0142o ELiX do najwa\u017cniejszych mi\u0119dzynarodowych wydarze\u0144, wzmacniaj\u0105c jej obecno\u015b\u0107 na ca\u0142ym \u015bwiecie. Dla pana Stasiaka zapach jest sztuk\u0105, zdoln\u0105 do przekszta\u0142cania przestrzeni i emocji. Nadal przesuwa granice bran\u017cy, wspieraj\u0105c innowacje i tworz\u0105c cenne partnerstwa w celu kszta\u0142towania przysz\u0142o\u015bci zapachu.","url":"https:\/\/elixscent.com\/pl\/author\/wstasiak\/"}]}},"_links":{"self":[{"href":"https:\/\/elixscent.com\/pl\/wp-json\/wp\/v2\/posts\/29195","targetHints":{"allow":["GET"]}}],"collection":[{"href":"https:\/\/elixscent.com\/pl\/wp-json\/wp\/v2\/posts"}],"about":[{"href":"https:\/\/elixscent.com\/pl\/wp-json\/wp\/v2\/types\/post"}],"author":[{"embeddable":true,"href":"https:\/\/elixscent.com\/pl\/wp-json\/wp\/v2\/users\/2"}],"replies":[{"embeddable":true,"href":"https:\/\/elixscent.com\/pl\/wp-json\/wp\/v2\/comments?post=29195"}],"version-history":[{"count":7,"href":"https:\/\/elixscent.com\/pl\/wp-json\/wp\/v2\/posts\/29195\/revisions"}],"predecessor-version":[{"id":58079,"href":"https:\/\/elixscent.com\/pl\/wp-json\/wp\/v2\/posts\/29195\/revisions\/58079"}],"wp:featuredmedia":[{"embeddable":true,"href":"https:\/\/elixscent.com\/pl\/wp-json\/wp\/v2\/media\/29196"}],"wp:attachment":[{"href":"https:\/\/elixscent.com\/pl\/wp-json\/wp\/v2\/media?parent=29195"}],"wp:term":[{"taxonomy":"category","embeddable":true,"href":"https:\/\/elixscent.com\/pl\/wp-json\/wp\/v2\/categories?post=29195"},{"taxonomy":"post_tag","embeddable":true,"href":"https:\/\/elixscent.com\/pl\/wp-json\/wp\/v2\/tags?post=29195"}],"curies":[{"name":"wp","href":"https:\/\/api.w.org\/{rel}","templated":true}]}}