{"id":30009,"date":"2023-07-26T11:14:43","date_gmt":"2023-07-26T11:14:43","guid":{"rendered":"https:\/\/elixscent.com\/?p=30009"},"modified":"2025-06-16T08:52:44","modified_gmt":"2025-06-16T08:52:44","slug":"naturelles-ou-synthetiques-les-huiles-essentielles","status":"publish","type":"post","link":"https:\/\/elixscent.com\/it\/naturelles-ou-synthetiques-les-huiles-essentielles\/","title":{"rendered":"\ud83c\udf3f\ud83d\udd2c Naturale vs. Sintetico: La verit\u00e0 sugli oli essenziali e i pittogrammi \ud83d\udd2c\ud83c\udf3f"},"content":{"rendered":"<section id=\"section-8-57421\" class=\"ct-section\" ><div class=\"ct-section-inner-wrap\"><h3 id=\"headline-10-57421\" class=\"ct-headline\">Desiderate fare un acquisto al dettaglio?<\/h3><h4 id=\"headline-12-57421\" class=\"ct-headline\">Visitate il nostro negozio online!<\/h4><a id=\"link_button-14-57421\" class=\"ct-link-button\" href=\"https:\/\/www.airfresh24.com\/shop\" target=\"_self\"  >Acquista online<\/a><\/div><\/section>\n\n\n\n<p><\/p>\n\n\n\n<p><strong>La classificazione di questi prodotti si basa sulle materie prime utilizzate, siano esse naturali o sintetiche.<\/strong> Entrambi i tipi di materie prime sono sottoposti a test rigorosi per verificarne l'impatto sulla salute umana, sulla vita e sull'ambiente. Ogni materia prima viene poi classificata di conseguenza.<\/p>\n\n\n\n<p>Potreste essere sorpresi di sapere che anche <strong>Le materie prime naturali, come gli oli essenziali, sono estratti naturali altamente concentrati.<\/strong>. Le concentrazioni di materie prime elencate nella legge sono incredibilmente elevate. Ci\u00f2 significa che, in generale, <strong>non esiste un vero olio di fragranza naturale che non abbia un pittogramma.<\/strong><\/p>\n\n\n\n<p>Tuttavia, \u00e8 qui che le cose si fanno interessanti. Molti clienti si impegnano attivamente <strong>cercano prodotti senza pittogrammi perch\u00e9 credono che siano \"naturali\".<\/strong> Ed \u00e8 qui che alcune aziende cercano di nascondere al consumatore le vere caratteristiche dei loro prodotti.<\/p>\n\n\n\n<p>Credo nella trasparenza e nel fornire informazioni accurate sui nostri prodotti. Vogliamo che i nostri clienti facciano scelte informate e comprendano la vera natura di ci\u00f2 che acquistano. Per questo motivo etichettiamo i nostri prodotti secondo le normative vigenti e forniamo informazioni chiare e concise sugli ingredienti utilizzati.<\/p>\n\n\n\n<p>Quindi, la prossima volta che vi imbatterete in un prodotto che dichiara di essere \"naturale\" senza alcun pittogramma, ricordate che la vera trasparenza sta nella comprensione delle normative e nel garantire che tutti i prodotti siano etichettati di conseguenza. Mettiamo i consumatori in condizione di conoscere e di decidere insieme con cognizione di causa!<\/p>\n\n\n\n<figure class=\"wp-block-image size-large\"><img loading=\"lazy\" decoding=\"async\" width=\"1024\" height=\"206\" src=\"https:\/\/elixscent.com\/wp-content\/uploads\/piktograms-1024x206.png\" alt=\"\" class=\"wp-image-30015\" srcset=\"https:\/\/elixscent.com\/wp-content\/uploads\/piktograms-1024x206.png 1024w, https:\/\/elixscent.com\/wp-content\/uploads\/piktograms-300x60.png 300w, https:\/\/elixscent.com\/wp-content\/uploads\/piktograms-768x155.png 768w, https:\/\/elixscent.com\/wp-content\/uploads\/piktograms-1536x310.png 1536w, https:\/\/elixscent.com\/wp-content\/uploads\/piktograms-2048x413.png 2048w, https:\/\/elixscent.com\/wp-content\/uploads\/piktograms.png 2580w\" sizes=\"auto, (max-width: 1024px) 100vw, 1024px\" \/><\/figure>\n\n\n\n<p>Waldemar Stasiak<\/p>","protected":false},"excerpt":{"rendered":"<p>Sapevate che le materie prime naturali e sintetiche sono classificate allo stesso modo? Quando si tratta di miscele, deodoranti per ambienti e oli essenziali, tutti devono essere etichettati in conformit\u00e0 al Regolamento (CE) n. 1272\/2008.<\/p>","protected":false},"author":2,"featured_media":30011,"comment_status":"closed","ping_status":"closed","sticky":false,"template":"","format":"standard","meta":{"_acf_changed":false,"footnotes":""},"categories":[12],"tags":[139,142,143],"class_list":["post-30009","post","type-post","status-publish","format-standard","has-post-thumbnail","hentry","category-air-fresheners","tag-fragrance","tag-air-freshener","tag-herbal-garden"],"acf":[],"yoast_head":"<!-- This site is optimized with the Yoast SEO Premium plugin v27.4 (Yoast SEO v27.4) - https:\/\/yoast.com\/product\/yoast-seo-premium-wordpress\/ -->\n<title>Naturelles ou synth\u00e9tiques les huiles essentielles | ELiX Scent<\/title>\n<meta name=\"description\" content=\"Natural and synthetic raw materials are classified the same way\u2014essential oils, for example, are highly concentrated natural extracts.\" \/>\n<meta name=\"robots\" content=\"index, follow, max-snippet:-1, max-image-preview:large, max-video-preview:-1\" \/>\n<link rel=\"canonical\" href=\"https:\/\/elixscent.com\/it\/naturelles-ou-synthetiques-les-huiles-essentielles\/\" \/>\n<meta property=\"og:locale\" content=\"it_IT\" \/>\n<meta property=\"og:type\" content=\"article\" \/>\n<meta property=\"og:title\" content=\"\ud83c\udf3f\ud83d\udd2c Natural vs. Synthetic: The Truth About Essential Oils and Pictograms \ud83d\udd2c\ud83c\udf3f\" \/>\n<meta property=\"og:description\" content=\"Natural and synthetic raw materials are classified the same way\u2014essential oils, for example, are highly concentrated natural extracts.\" \/>\n<meta property=\"og:url\" content=\"https:\/\/elixscent.com\/it\/naturelles-ou-synthetiques-les-huiles-essentielles\/\" \/>\n<meta property=\"og:site_name\" content=\"ELiX EU air fresheners\" \/>\n<meta property=\"article:published_time\" content=\"2023-07-26T11:14:43+00:00\" \/>\n<meta property=\"article:modified_time\" content=\"2025-06-16T08:52:44+00:00\" \/>\n<meta property=\"og:image\" content=\"https:\/\/elixscent.com\/wp-content\/uploads\/www-piktograms-2.png\" \/>\n\t<meta property=\"og:image:width\" content=\"600\" \/>\n\t<meta property=\"og:image:height\" content=\"600\" \/>\n\t<meta property=\"og:image:type\" content=\"image\/png\" \/>\n<meta name=\"author\" content=\"Waldemar Stasiak\" \/>\n<meta name=\"twitter:card\" content=\"summary_large_image\" \/>\n<meta name=\"twitter:label1\" content=\"Scritto da\" \/>\n\t<meta name=\"twitter:data1\" content=\"Waldemar Stasiak\" \/>\n\t<meta name=\"twitter:label2\" content=\"Tempo di lettura stimato\" \/>\n\t<meta name=\"twitter:data2\" content=\"1 minuto\" \/>\n<script type=\"application\/ld+json\" class=\"yoast-schema-graph\">{\"@context\":\"https:\\\/\\\/schema.org\",\"@graph\":[{\"@type\":\"Article\",\"@id\":\"https:\\\/\\\/elixscent.com\\\/naturelles-ou-synthetiques-les-huiles-essentielles\\\/#article\",\"isPartOf\":{\"@id\":\"https:\\\/\\\/elixscent.com\\\/naturelles-ou-synthetiques-les-huiles-essentielles\\\/\"},\"author\":{\"name\":\"Waldemar Stasiak\",\"@id\":\"https:\\\/\\\/elixscent.com\\\/#\\\/schema\\\/person\\\/6a660a8da71f6bf03e79fc6d7a1f5ca2\"},\"headline\":\"\ud83c\udf3f\ud83d\udd2c Natural vs. Synthetic: The Truth About Essential Oils and Pictograms \ud83d\udd2c\ud83c\udf3f\",\"datePublished\":\"2023-07-26T11:14:43+00:00\",\"dateModified\":\"2025-06-16T08:52:44+00:00\",\"mainEntityOfPage\":{\"@id\":\"https:\\\/\\\/elixscent.com\\\/naturelles-ou-synthetiques-les-huiles-essentielles\\\/\"},\"wordCount\":467,\"publisher\":{\"@id\":\"https:\\\/\\\/elixscent.com\\\/#organization\"},\"image\":{\"@id\":\"https:\\\/\\\/elixscent.com\\\/naturelles-ou-synthetiques-les-huiles-essentielles\\\/#primaryimage\"},\"thumbnailUrl\":\"https:\\\/\\\/elixscent.com\\\/wp-content\\\/uploads\\\/www-piktograms-2.png\",\"keywords\":[\"Fragrance\",\"air freshener\",\"Herbal Garden\"],\"articleSection\":[\"Air Fresheners\"],\"inLanguage\":\"it-IT\"},{\"@type\":\"WebPage\",\"@id\":\"https:\\\/\\\/elixscent.com\\\/naturelles-ou-synthetiques-les-huiles-essentielles\\\/\",\"url\":\"https:\\\/\\\/elixscent.com\\\/naturelles-ou-synthetiques-les-huiles-essentielles\\\/\",\"name\":\"Naturelles ou synth\u00e9tiques les huiles essentielles | ELiX Scent\",\"isPartOf\":{\"@id\":\"https:\\\/\\\/elixscent.com\\\/#website\"},\"primaryImageOfPage\":{\"@id\":\"https:\\\/\\\/elixscent.com\\\/naturelles-ou-synthetiques-les-huiles-essentielles\\\/#primaryimage\"},\"image\":{\"@id\":\"https:\\\/\\\/elixscent.com\\\/naturelles-ou-synthetiques-les-huiles-essentielles\\\/#primaryimage\"},\"thumbnailUrl\":\"https:\\\/\\\/elixscent.com\\\/wp-content\\\/uploads\\\/www-piktograms-2.png\",\"datePublished\":\"2023-07-26T11:14:43+00:00\",\"dateModified\":\"2025-06-16T08:52:44+00:00\",\"description\":\"Natural and synthetic raw materials are classified the same way\u2014essential oils, for example, are highly concentrated natural extracts.\",\"breadcrumb\":{\"@id\":\"https:\\\/\\\/elixscent.com\\\/naturelles-ou-synthetiques-les-huiles-essentielles\\\/#breadcrumb\"},\"inLanguage\":\"it-IT\",\"potentialAction\":[{\"@type\":\"ReadAction\",\"target\":[\"https:\\\/\\\/elixscent.com\\\/naturelles-ou-synthetiques-les-huiles-essentielles\\\/\"]}]},{\"@type\":\"ImageObject\",\"inLanguage\":\"it-IT\",\"@id\":\"https:\\\/\\\/elixscent.com\\\/naturelles-ou-synthetiques-les-huiles-essentielles\\\/#primaryimage\",\"url\":\"https:\\\/\\\/elixscent.com\\\/wp-content\\\/uploads\\\/www-piktograms-2.png\",\"contentUrl\":\"https:\\\/\\\/elixscent.com\\\/wp-content\\\/uploads\\\/www-piktograms-2.png\",\"width\":600,\"height\":600,\"caption\":\"www piktograms 2\"},{\"@type\":\"BreadcrumbList\",\"@id\":\"https:\\\/\\\/elixscent.com\\\/naturelles-ou-synthetiques-les-huiles-essentielles\\\/#breadcrumb\",\"itemListElement\":[{\"@type\":\"ListItem\",\"position\":1,\"name\":\"Home\",\"item\":\"https:\\\/\\\/elixscent.com\\\/\"},{\"@type\":\"ListItem\",\"position\":2,\"name\":\"Air Fresheners\",\"item\":\"https:\\\/\\\/elixscent.com\\\/category\\\/air-fresheners\\\/\"},{\"@type\":\"ListItem\",\"position\":3,\"name\":\"\ud83c\udf3f\ud83d\udd2c Natural vs. Synthetic: The Truth About Essential Oils and Pictograms \ud83d\udd2c\ud83c\udf3f\"}]},{\"@type\":\"WebSite\",\"@id\":\"https:\\\/\\\/elixscent.com\\\/#website\",\"url\":\"https:\\\/\\\/elixscent.com\\\/\",\"name\":\"ELiX EU air fresheners\",\"description\":\"Air &amp; Fabric, Perfectly Fresh\",\"publisher\":{\"@id\":\"https:\\\/\\\/elixscent.com\\\/#organization\"},\"potentialAction\":[{\"@type\":\"SearchAction\",\"target\":{\"@type\":\"EntryPoint\",\"urlTemplate\":\"https:\\\/\\\/elixscent.com\\\/?s={search_term_string}\"},\"query-input\":{\"@type\":\"PropertyValueSpecification\",\"valueRequired\":true,\"valueName\":\"search_term_string\"}}],\"inLanguage\":\"it-IT\"},{\"@type\":\"Organization\",\"@id\":\"https:\\\/\\\/elixscent.com\\\/#organization\",\"name\":\"ELIX air freshener manufacturer\",\"url\":\"https:\\\/\\\/elixscent.com\\\/\",\"logo\":{\"@type\":\"ImageObject\",\"inLanguage\":\"it-IT\",\"@id\":\"https:\\\/\\\/elixscent.com\\\/#\\\/schema\\\/logo\\\/image\\\/\",\"url\":\"https:\\\/\\\/elixscent.com\\\/wp-content\\\/uploads\\\/elix_logo_1.0-_300.jpg\",\"contentUrl\":\"https:\\\/\\\/elixscent.com\\\/wp-content\\\/uploads\\\/elix_logo_1.0-_300.jpg\",\"width\":300,\"height\":257,\"caption\":\"ELIX air freshener manufacturer\"},\"image\":{\"@id\":\"https:\\\/\\\/elixscent.com\\\/#\\\/schema\\\/logo\\\/image\\\/\"},\"sameAs\":[\"https:\\\/\\\/www.linkedin.com\\\/company\\\/30084929\"]},{\"@type\":\"Person\",\"@id\":\"https:\\\/\\\/elixscent.com\\\/#\\\/schema\\\/person\\\/6a660a8da71f6bf03e79fc6d7a1f5ca2\",\"name\":\"Waldemar Stasiak\",\"image\":{\"@type\":\"ImageObject\",\"inLanguage\":\"it-IT\",\"@id\":\"https:\\\/\\\/secure.gravatar.com\\\/avatar\\\/7d56ee2e597c4c6d7dc5e979ca37c696a4007a4e3b6d0fc95cab929c2bc64d61?s=96&d=mm&r=g\",\"url\":\"https:\\\/\\\/secure.gravatar.com\\\/avatar\\\/7d56ee2e597c4c6d7dc5e979ca37c696a4007a4e3b6d0fc95cab929c2bc64d61?s=96&d=mm&r=g\",\"contentUrl\":\"https:\\\/\\\/secure.gravatar.com\\\/avatar\\\/7d56ee2e597c4c6d7dc5e979ca37c696a4007a4e3b6d0fc95cab929c2bc64d61?s=96&d=mm&r=g\",\"caption\":\"Waldemar Stasiak\"},\"description\":\"With over two decades in the fragrance and air freshener industry, Waldemar Stasiak is a visionary entrepreneur and co-founder of ELiX Ltd. Under his leadership, ELiX has grown into a globally recognised brand, offering both ELiX-branded and private label air fresheners, known for their exceptional quality and innovation. Passionate about sustainability, he prioritises eco-friendly solutions, focusing on natural fragrances and reducing environmental impact. His commitment to global expansion has led ELiX to major international events, strengthening its worldwide presence. For Mr. Stasiak, fragrance is an art, capable of transforming spaces and emotions. He continues to push industry boundaries, fostering innovation and forming valuable partnerships to shape the future of scent.\",\"url\":\"https:\\\/\\\/elixscent.com\\\/it\\\/author\\\/wstasiak\\\/\"}]}<\/script>\n<!-- \/ Yoast SEO Premium plugin. -->","yoast_head_json":{"title":"Naturelles ou synth\u00e9tiques les huiles essentielles | ELiX Scent","description":"Le materie prime naturali e sintetiche sono classificate allo stesso modo: gli oli essenziali, ad esempio, sono estratti naturali altamente concentrati.","robots":{"index":"index","follow":"follow","max-snippet":"max-snippet:-1","max-image-preview":"max-image-preview:large","max-video-preview":"max-video-preview:-1"},"canonical":"https:\/\/elixscent.com\/it\/naturelles-ou-synthetiques-les-huiles-essentielles\/","og_locale":"it_IT","og_type":"article","og_title":"\ud83c\udf3f\ud83d\udd2c Natural vs. Synthetic: The Truth About Essential Oils and Pictograms \ud83d\udd2c\ud83c\udf3f","og_description":"Natural and synthetic raw materials are classified the same way\u2014essential oils, for example, are highly concentrated natural extracts.","og_url":"https:\/\/elixscent.com\/it\/naturelles-ou-synthetiques-les-huiles-essentielles\/","og_site_name":"ELiX EU air fresheners","article_published_time":"2023-07-26T11:14:43+00:00","article_modified_time":"2025-06-16T08:52:44+00:00","og_image":[{"width":600,"height":600,"url":"https:\/\/elixscent.com\/wp-content\/uploads\/www-piktograms-2.png","type":"image\/png"}],"author":"Waldemar Stasiak","twitter_card":"summary_large_image","twitter_misc":{"Scritto da":"Waldemar Stasiak","Tempo di lettura stimato":"1 minuto"},"schema":{"@context":"https:\/\/schema.org","@graph":[{"@type":"Article","@id":"https:\/\/elixscent.com\/naturelles-ou-synthetiques-les-huiles-essentielles\/#article","isPartOf":{"@id":"https:\/\/elixscent.com\/naturelles-ou-synthetiques-les-huiles-essentielles\/"},"author":{"name":"Waldemar Stasiak","@id":"https:\/\/elixscent.com\/#\/schema\/person\/6a660a8da71f6bf03e79fc6d7a1f5ca2"},"headline":"\ud83c\udf3f\ud83d\udd2c Natural vs. Synthetic: The Truth About Essential Oils and Pictograms \ud83d\udd2c\ud83c\udf3f","datePublished":"2023-07-26T11:14:43+00:00","dateModified":"2025-06-16T08:52:44+00:00","mainEntityOfPage":{"@id":"https:\/\/elixscent.com\/naturelles-ou-synthetiques-les-huiles-essentielles\/"},"wordCount":467,"publisher":{"@id":"https:\/\/elixscent.com\/#organization"},"image":{"@id":"https:\/\/elixscent.com\/naturelles-ou-synthetiques-les-huiles-essentielles\/#primaryimage"},"thumbnailUrl":"https:\/\/elixscent.com\/wp-content\/uploads\/www-piktograms-2.png","keywords":["Fragrance","air freshener","Herbal Garden"],"articleSection":["Air Fresheners"],"inLanguage":"it-IT"},{"@type":"WebPage","@id":"https:\/\/elixscent.com\/naturelles-ou-synthetiques-les-huiles-essentielles\/","url":"https:\/\/elixscent.com\/naturelles-ou-synthetiques-les-huiles-essentielles\/","name":"Naturelles ou synth\u00e9tiques les huiles essentielles | ELiX Scent","isPartOf":{"@id":"https:\/\/elixscent.com\/#website"},"primaryImageOfPage":{"@id":"https:\/\/elixscent.com\/naturelles-ou-synthetiques-les-huiles-essentielles\/#primaryimage"},"image":{"@id":"https:\/\/elixscent.com\/naturelles-ou-synthetiques-les-huiles-essentielles\/#primaryimage"},"thumbnailUrl":"https:\/\/elixscent.com\/wp-content\/uploads\/www-piktograms-2.png","datePublished":"2023-07-26T11:14:43+00:00","dateModified":"2025-06-16T08:52:44+00:00","description":"Le materie prime naturali e sintetiche sono classificate allo stesso modo: gli oli essenziali, ad esempio, sono estratti naturali altamente concentrati.","breadcrumb":{"@id":"https:\/\/elixscent.com\/naturelles-ou-synthetiques-les-huiles-essentielles\/#breadcrumb"},"inLanguage":"it-IT","potentialAction":[{"@type":"ReadAction","target":["https:\/\/elixscent.com\/naturelles-ou-synthetiques-les-huiles-essentielles\/"]}]},{"@type":"ImageObject","inLanguage":"it-IT","@id":"https:\/\/elixscent.com\/naturelles-ou-synthetiques-les-huiles-essentielles\/#primaryimage","url":"https:\/\/elixscent.com\/wp-content\/uploads\/www-piktograms-2.png","contentUrl":"https:\/\/elixscent.com\/wp-content\/uploads\/www-piktograms-2.png","width":600,"height":600,"caption":"www piktograms 2"},{"@type":"BreadcrumbList","@id":"https:\/\/elixscent.com\/naturelles-ou-synthetiques-les-huiles-essentielles\/#breadcrumb","itemListElement":[{"@type":"ListItem","position":1,"name":"Home","item":"https:\/\/elixscent.com\/"},{"@type":"ListItem","position":2,"name":"Air Fresheners","item":"https:\/\/elixscent.com\/category\/air-fresheners\/"},{"@type":"ListItem","position":3,"name":"\ud83c\udf3f\ud83d\udd2c Natural vs. Synthetic: The Truth About Essential Oils and Pictograms \ud83d\udd2c\ud83c\udf3f"}]},{"@type":"WebSite","@id":"https:\/\/elixscent.com\/#website","url":"https:\/\/elixscent.com\/","name":"Deodoranti per ambienti ELiX EU","description":"Aria e tessuti, perfettamente freschi","publisher":{"@id":"https:\/\/elixscent.com\/#organization"},"potentialAction":[{"@type":"SearchAction","target":{"@type":"EntryPoint","urlTemplate":"https:\/\/elixscent.com\/?s={search_term_string}"},"query-input":{"@type":"PropertyValueSpecification","valueRequired":true,"valueName":"search_term_string"}}],"inLanguage":"it-IT"},{"@type":"Organization","@id":"https:\/\/elixscent.com\/#organization","name":"Produttore di deodoranti per ambienti ELIX","url":"https:\/\/elixscent.com\/","logo":{"@type":"ImageObject","inLanguage":"it-IT","@id":"https:\/\/elixscent.com\/#\/schema\/logo\/image\/","url":"https:\/\/elixscent.com\/wp-content\/uploads\/elix_logo_1.0-_300.jpg","contentUrl":"https:\/\/elixscent.com\/wp-content\/uploads\/elix_logo_1.0-_300.jpg","width":300,"height":257,"caption":"ELIX air freshener manufacturer"},"image":{"@id":"https:\/\/elixscent.com\/#\/schema\/logo\/image\/"},"sameAs":["https:\/\/www.linkedin.com\/company\/30084929"]},{"@type":"Person","@id":"https:\/\/elixscent.com\/#\/schema\/person\/6a660a8da71f6bf03e79fc6d7a1f5ca2","name":"Waldemar Stasiak","image":{"@type":"ImageObject","inLanguage":"it-IT","@id":"https:\/\/secure.gravatar.com\/avatar\/7d56ee2e597c4c6d7dc5e979ca37c696a4007a4e3b6d0fc95cab929c2bc64d61?s=96&d=mm&r=g","url":"https:\/\/secure.gravatar.com\/avatar\/7d56ee2e597c4c6d7dc5e979ca37c696a4007a4e3b6d0fc95cab929c2bc64d61?s=96&d=mm&r=g","contentUrl":"https:\/\/secure.gravatar.com\/avatar\/7d56ee2e597c4c6d7dc5e979ca37c696a4007a4e3b6d0fc95cab929c2bc64d61?s=96&d=mm&r=g","caption":"Waldemar Stasiak"},"description":"Con oltre vent'anni di esperienza nel settore delle fragranze e dei deodoranti per ambienti, Waldemar Stasiak \u00e8 un imprenditore visionario e co-fondatore di ELiX Ltd. Sotto la sua guida, ELiX \u00e8 cresciuta fino a diventare un marchio riconosciuto a livello globale, che offre deodoranti a marchio ELiX e a marchio privato, noti per la loro eccezionale qualit\u00e0 e innovazione. Appassionato di sostenibilit\u00e0, d\u00e0 priorit\u00e0 alle soluzioni ecologiche, concentrandosi sulle fragranze naturali e sulla riduzione dell'impatto ambientale. Il suo impegno per l'espansione globale ha portato ELiX a partecipare a importanti eventi internazionali, rafforzando la sua presenza a livello mondiale. Per Stasiak, il profumo \u00e8 un'arte, capace di trasformare spazi ed emozioni. Continua a spingersi oltre i confini dell'industria, promuovendo l'innovazione e formando preziose partnership per plasmare il futuro del profumo.","url":"https:\/\/elixscent.com\/it\/author\/wstasiak\/"}]}},"_links":{"self":[{"href":"https:\/\/elixscent.com\/it\/wp-json\/wp\/v2\/posts\/30009","targetHints":{"allow":["GET"]}}],"collection":[{"href":"https:\/\/elixscent.com\/it\/wp-json\/wp\/v2\/posts"}],"about":[{"href":"https:\/\/elixscent.com\/it\/wp-json\/wp\/v2\/types\/post"}],"author":[{"embeddable":true,"href":"https:\/\/elixscent.com\/it\/wp-json\/wp\/v2\/users\/2"}],"replies":[{"embeddable":true,"href":"https:\/\/elixscent.com\/it\/wp-json\/wp\/v2\/comments?post=30009"}],"version-history":[{"count":7,"href":"https:\/\/elixscent.com\/it\/wp-json\/wp\/v2\/posts\/30009\/revisions"}],"predecessor-version":[{"id":58083,"href":"https:\/\/elixscent.com\/it\/wp-json\/wp\/v2\/posts\/30009\/revisions\/58083"}],"wp:featuredmedia":[{"embeddable":true,"href":"https:\/\/elixscent.com\/it\/wp-json\/wp\/v2\/media\/30011"}],"wp:attachment":[{"href":"https:\/\/elixscent.com\/it\/wp-json\/wp\/v2\/media?parent=30009"}],"wp:term":[{"taxonomy":"category","embeddable":true,"href":"https:\/\/elixscent.com\/it\/wp-json\/wp\/v2\/categories?post=30009"},{"taxonomy":"post_tag","embeddable":true,"href":"https:\/\/elixscent.com\/it\/wp-json\/wp\/v2\/tags?post=30009"}],"curies":[{"name":"wp","href":"https:\/\/api.w.org\/{rel}","templated":true}]}}