{"id":60695,"date":"2026-02-24T13:57:39","date_gmt":"2026-02-24T13:57:39","guid":{"rendered":"https:\/\/elixscent.com\/?post_type=news&#038;p=60695"},"modified":"2026-02-24T14:37:07","modified_gmt":"2026-02-24T14:37:07","slug":"un-suavizante-que-se-comporta-como-un-desarrugador-presentacion-del-suavizante-concentrado-amarella","status":"publish","type":"news","link":"https:\/\/elixscent.com\/es\/news\/a-softener-that-behaves-like-a-crease-releaser-introducing-amarella-fabric-softener-concentrate\/","title":{"rendered":"Un suavizante que se comporta como un antiarrugas - Presentamos Amarella Suavizante Concentrado 67 lavados"},"content":{"rendered":"<p>La colada no deber\u00eda terminar con una tabla de planchar. Y definitivamente no deber\u00eda obligarte a elegir entre <strong>suavidad<\/strong> y <strong>un acabado suave y f\u00e1cil de llevar<\/strong>.<\/p>\n\n\n\n<p>Por eso presentamos <strong>Amarella Suavizante Concentrado (1L)<\/strong> un ablandador de nueva generaci\u00f3n dise\u00f1ado para <strong>suavizar y alisar los tejidos<\/strong> al tiempo que apoya una <strong>\u201cefecto \u201dno necesita plancha<\/strong> cuando la colada se hila y cuelga correctamente. <\/p>\n\n\n\n<h3 class=\"wp-block-heading\" id=\"h-two-in-one-thinking-softener-crease-smoothing-finish\">Pensamiento dos en uno: Suavizante + pliegue = acabado alisante<\/h3>\n\n\n\n<p>La mayor\u00eda de los suavizantes se centran en la sensaci\u00f3n. Un antiarrugas se centra en el aspecto. Hemos creado una f\u00f3rmula que acerca estos dos mundos:<\/p>\n\n\n\n<ul class=\"wp-block-list\">\n<li><strong>Suaviza y alisa<\/strong> para un agarre c\u00f3modo y de calidad<\/li>\n\n\n\n<li><strong>No necesita plancha<\/strong> efecto porque el acabado importa tanto como la suavidad<\/li>\n\n\n\n<li><strong>F\u00f3rmula antial\u00e9rgica<\/strong> para una rutina de lavado m\u00e1s suave<\/li>\n\n\n\n<li><strong>Base perfumada sutil y delicada<\/strong> dise\u00f1ado para combinarse perfectamente con nuestros perfumes de lavander\u00eda (sin \u201cchoque de fragancias\u201d)<\/li>\n<\/ul>\n\n\n\n<p>*La afirmaci\u00f3n de no planchar se aplica cuando se mantienen unas condiciones de centrifugado adecuadas y se cuelgan las prendas adecuadamente despu\u00e9s del lavado.<\/p>\n\n\n\n<h3 class=\"wp-block-heading\" id=\"h-why-a-concentrate-and-why-now\">Por qu\u00e9 un concentrado y por qu\u00e9 ahora<\/h3>\n\n\n\n<p>Parece que lo que la gente quiere es sencillo: <strong>menos pasos, resultados predecibles y menos tiempo dedicado a \u201cterminar\u201d la colada<\/strong>. La concentraci\u00f3n ayuda porque se obtiene rendimiento con una dosis m\u00e1s peque\u00f1a y una botella que llega m\u00e1s lejos.<\/p>\n\n\n\n<p>Amarella Suavizante Concentrado entrega <strong>hasta 67 lavados por botella de 1L<\/strong><\/p>\n\n\n\n<h3 class=\"wp-block-heading\" id=\"h-how-to-use-and-get-the-best-liquid-iron-result\">C\u00f3mo utilizarlo (y obtener el mejor resultado de \u201chierro l\u00edquido\u201d)<\/h3>\n\n\n\n<p>A\u00f1ada a su lavadora <strong>compartimento para suavizante<\/strong> y la dosis en funci\u00f3n de su efecto preferido:<\/p>\n\n\n\n<ul class=\"wp-block-list\">\n<li><strong>10-40 ml por carga de 4-5 kg<\/strong> (los niveles est\u00e1n marcados en el interior de la tapa)<\/li>\n<\/ul>\n\n\n\n<p>Para maximizar el acabado alisador de arrugas:<\/p>\n\n\n\n<ol class=\"wp-block-list\">\n<li>utilice un ciclo de centrifugado adecuado,<\/li>\n\n\n\n<li>Retire la colada r\u00e1pidamente,<\/li>\n\n\n\n<li><strong>colgar objetos rectos y alisarlos a mano<\/strong><\/li>\n<\/ol>\n\n\n\n<h3 class=\"wp-block-heading\" id=\"h-built-to-fit-the-amarella-laundry-care-program\">Dise\u00f1ado para adaptarse al programa de cuidado de la ropa Amarella<\/h3>\n\n\n\n<p>Este lanzamiento completa la l\u00f3gica de nuestra rutina de tres pasos:<\/p>\n\n\n\n<ol class=\"wp-block-list\">\n<li><strong>Gel para lavar la ropa<\/strong> - la fundaci\u00f3n limpia<\/li>\n\n\n\n<li><strong><a href=\"https:\/\/elixscent.com\/es\/producto\/fabric-softener\/\">Suavizante<\/a><\/strong> - suavidad + alisado + cuidado m\u00e1s f\u00e1cil<\/li>\n\n\n\n<li><strong><a href=\"https:\/\/elixscent.com\/es\/categoria-de-productos\/amarella_2\/\">Perfume de lavander\u00eda<\/a><\/strong> - la fragancia de la firma de larga duraci\u00f3n<\/li>\n<\/ol>\n\n\n\n<p>Como la fragancia del suavizante es intencionadamente sutil, usted mantiene el control: <strong>elija la versi\u00f3n de su perfume, y toda la l\u00ednea funcionar\u00e1 en conjunto<\/strong>. <\/p>\n\n\n\n<h3 class=\"wp-block-heading\" id=\"h-ready-to-simplify-your-routine\">\u00bfListo para simplificar su rutina?<\/h3>\n\n\n\n<p>Si pudieras eliminar un paso de la colada para siempre, \u00bfcu\u00e1l ser\u00eda? <strong>planchado<\/strong>o <strong>tener que \u201carreglar\u201d las arrugas despu\u00e9s del secado<\/strong>?<\/p>\n\n\n\n<figure class=\"wp-block-image size-full\"><img loading=\"lazy\" decoding=\"async\" width=\"1000\" height=\"600\" src=\"https:\/\/elixscent.com\/wp-content\/uploads\/program-soft.png\" alt=\"\" class=\"wp-image-60697\" srcset=\"https:\/\/elixscent.com\/wp-content\/uploads\/program-soft.png 1000w, https:\/\/elixscent.com\/wp-content\/uploads\/program-soft-300x180.png 300w, https:\/\/elixscent.com\/wp-content\/uploads\/program-soft-768x461.png 768w, https:\/\/elixscent.com\/wp-content\/uploads\/program-soft-18x12.png 18w\" sizes=\"auto, (max-width: 1000px) 100vw, 1000px\" \/><\/figure>","protected":false},"featured_media":60697,"parent":0,"menu_order":0,"template":"","class_list":["post-60695","news","type-news","status-publish","has-post-thumbnail","hentry"],"acf":[],"yoast_head":"<!-- This site is optimized with the Yoast SEO Premium plugin v27.4 (Yoast SEO v27.5) - https:\/\/yoast.com\/product\/yoast-seo-premium-wordpress\/ -->\n<title>Fabric Softener + No-Iron Finish | ELiX Amarella Expert<\/title>\n<meta name=\"description\" content=\"Meet Amarella Fabric Softener Concentrate 1L: softens &amp; smooths out, supports a no-iron finish, antiallergenic formula and a subtle scent base for layering\" \/>\n<meta name=\"robots\" content=\"index, follow, max-snippet:-1, max-image-preview:large, max-video-preview:-1\" \/>\n<link rel=\"canonical\" href=\"https:\/\/elixscent.com\/es\/noticias\/un-suavizante-que-se-comporta-como-un-desarrugador-presentacion-del-suavizante-concentrado-amarella\/\" \/>\n<meta property=\"og:locale\" content=\"es_ES\" \/>\n<meta property=\"og:type\" content=\"article\" \/>\n<meta property=\"og:title\" content=\"A Softener That Behaves Like a Crease Releaser \u2014 Introducing Amarella Fabric Softener Concentrate 67 washes\" \/>\n<meta property=\"og:description\" content=\"Meet Amarella Fabric Softener Concentrate 1L: softens &amp; smooths out, supports a no-iron finish, antiallergenic formula and a subtle scent base for layering\" \/>\n<meta property=\"og:url\" content=\"https:\/\/elixscent.com\/es\/noticias\/un-suavizante-que-se-comporta-como-un-desarrugador-presentacion-del-suavizante-concentrado-amarella\/\" \/>\n<meta property=\"og:site_name\" content=\"ELiX EU air fresheners\" \/>\n<meta property=\"article:modified_time\" content=\"2026-02-24T14:37:07+00:00\" \/>\n<meta property=\"og:image\" content=\"https:\/\/elixscent.com\/wp-content\/uploads\/program-soft.png\" \/>\n\t<meta property=\"og:image:width\" content=\"1000\" \/>\n\t<meta property=\"og:image:height\" content=\"600\" \/>\n\t<meta property=\"og:image:type\" content=\"image\/png\" \/>\n<meta name=\"twitter:card\" content=\"summary_large_image\" \/>\n<meta name=\"twitter:label1\" content=\"Tiempo de lectura\" \/>\n\t<meta name=\"twitter:data1\" content=\"3 minutos\" \/>\n<script type=\"application\/ld+json\" class=\"yoast-schema-graph\">{\"@context\":\"https:\\\/\\\/schema.org\",\"@graph\":[{\"@type\":\"WebPage\",\"@id\":\"https:\\\/\\\/elixscent.com\\\/news\\\/a-softener-that-behaves-like-a-crease-releaser-introducing-amarella-fabric-softener-concentrate\\\/\",\"url\":\"https:\\\/\\\/elixscent.com\\\/news\\\/a-softener-that-behaves-like-a-crease-releaser-introducing-amarella-fabric-softener-concentrate\\\/\",\"name\":\"Fabric Softener + No-Iron Finish | ELiX Amarella Expert\",\"isPartOf\":{\"@id\":\"https:\\\/\\\/elixscent.com\\\/#website\"},\"primaryImageOfPage\":{\"@id\":\"https:\\\/\\\/elixscent.com\\\/news\\\/a-softener-that-behaves-like-a-crease-releaser-introducing-amarella-fabric-softener-concentrate\\\/#primaryimage\"},\"image\":{\"@id\":\"https:\\\/\\\/elixscent.com\\\/news\\\/a-softener-that-behaves-like-a-crease-releaser-introducing-amarella-fabric-softener-concentrate\\\/#primaryimage\"},\"thumbnailUrl\":\"https:\\\/\\\/elixscent.com\\\/wp-content\\\/uploads\\\/program-soft.png\",\"datePublished\":\"2026-02-24T13:57:39+00:00\",\"dateModified\":\"2026-02-24T14:37:07+00:00\",\"description\":\"Meet Amarella Fabric Softener Concentrate 1L: softens & smooths out, supports a no-iron finish, antiallergenic formula and a subtle scent base for layering\",\"breadcrumb\":{\"@id\":\"https:\\\/\\\/elixscent.com\\\/news\\\/a-softener-that-behaves-like-a-crease-releaser-introducing-amarella-fabric-softener-concentrate\\\/#breadcrumb\"},\"inLanguage\":\"es\",\"potentialAction\":[{\"@type\":\"ReadAction\",\"target\":[\"https:\\\/\\\/elixscent.com\\\/news\\\/a-softener-that-behaves-like-a-crease-releaser-introducing-amarella-fabric-softener-concentrate\\\/\"]}]},{\"@type\":\"ImageObject\",\"inLanguage\":\"es\",\"@id\":\"https:\\\/\\\/elixscent.com\\\/news\\\/a-softener-that-behaves-like-a-crease-releaser-introducing-amarella-fabric-softener-concentrate\\\/#primaryimage\",\"url\":\"https:\\\/\\\/elixscent.com\\\/wp-content\\\/uploads\\\/program-soft.png\",\"contentUrl\":\"https:\\\/\\\/elixscent.com\\\/wp-content\\\/uploads\\\/program-soft.png\",\"width\":1000,\"height\":600},{\"@type\":\"BreadcrumbList\",\"@id\":\"https:\\\/\\\/elixscent.com\\\/news\\\/a-softener-that-behaves-like-a-crease-releaser-introducing-amarella-fabric-softener-concentrate\\\/#breadcrumb\",\"itemListElement\":[{\"@type\":\"ListItem\",\"position\":1,\"name\":\"Home\",\"item\":\"https:\\\/\\\/elixscent.com\\\/\"},{\"@type\":\"ListItem\",\"position\":2,\"name\":\"News\",\"item\":\"https:\\\/\\\/elixscent.com\\\/news\\\/\"},{\"@type\":\"ListItem\",\"position\":3,\"name\":\"A Softener That Behaves Like a Crease Releaser \u2014 Introducing Amarella Fabric Softener Concentrate 67 washes\"}]},{\"@type\":\"WebSite\",\"@id\":\"https:\\\/\\\/elixscent.com\\\/#website\",\"url\":\"https:\\\/\\\/elixscent.com\\\/\",\"name\":\"ELiX EU air fresheners\",\"description\":\"Air &amp; Fabric, Perfectly Fresh\",\"publisher\":{\"@id\":\"https:\\\/\\\/elixscent.com\\\/#organization\"},\"potentialAction\":[{\"@type\":\"SearchAction\",\"target\":{\"@type\":\"EntryPoint\",\"urlTemplate\":\"https:\\\/\\\/elixscent.com\\\/?s={search_term_string}\"},\"query-input\":{\"@type\":\"PropertyValueSpecification\",\"valueRequired\":true,\"valueName\":\"search_term_string\"}}],\"inLanguage\":\"es\"},{\"@type\":\"Organization\",\"@id\":\"https:\\\/\\\/elixscent.com\\\/#organization\",\"name\":\"ELIX air freshener manufacturer\",\"url\":\"https:\\\/\\\/elixscent.com\\\/\",\"logo\":{\"@type\":\"ImageObject\",\"inLanguage\":\"es\",\"@id\":\"https:\\\/\\\/elixscent.com\\\/#\\\/schema\\\/logo\\\/image\\\/\",\"url\":\"https:\\\/\\\/elixscent.com\\\/wp-content\\\/uploads\\\/elix_logo_1.0-_300.jpg\",\"contentUrl\":\"https:\\\/\\\/elixscent.com\\\/wp-content\\\/uploads\\\/elix_logo_1.0-_300.jpg\",\"width\":300,\"height\":257,\"caption\":\"ELIX air freshener manufacturer\"},\"image\":{\"@id\":\"https:\\\/\\\/elixscent.com\\\/#\\\/schema\\\/logo\\\/image\\\/\"},\"sameAs\":[\"https:\\\/\\\/www.linkedin.com\\\/company\\\/30084929\"]}]}<\/script>\n<!-- \/ Yoast SEO Premium plugin. -->","yoast_head_json":{"title":"Suavizante + Acabado Sin Plancha | ELIX Amarella Expert","description":"Conoce Amarella Suavizante Concentrado 1L: suaviza y alisa, favorece un acabado sin plancha, f\u00f3rmula antial\u00e9rgica y una sutil base perfumada para aplicar en capas","robots":{"index":"index","follow":"follow","max-snippet":"max-snippet:-1","max-image-preview":"max-image-preview:large","max-video-preview":"max-video-preview:-1"},"canonical":"https:\/\/elixscent.com\/es\/noticias\/un-suavizante-que-se-comporta-como-un-desarrugador-presentacion-del-suavizante-concentrado-amarella\/","og_locale":"es_ES","og_type":"article","og_title":"A Softener That Behaves Like a Crease Releaser \u2014 Introducing Amarella Fabric Softener Concentrate 67 washes","og_description":"Meet Amarella Fabric Softener Concentrate 1L: softens & smooths out, supports a no-iron finish, antiallergenic formula and a subtle scent base for layering","og_url":"https:\/\/elixscent.com\/es\/noticias\/un-suavizante-que-se-comporta-como-un-desarrugador-presentacion-del-suavizante-concentrado-amarella\/","og_site_name":"ELiX EU air fresheners","article_modified_time":"2026-02-24T14:37:07+00:00","og_image":[{"width":1000,"height":600,"url":"https:\/\/elixscent.com\/wp-content\/uploads\/program-soft.png","type":"image\/png"}],"twitter_card":"summary_large_image","twitter_misc":{"Tiempo de lectura":"3 minutos"},"schema":{"@context":"https:\/\/schema.org","@graph":[{"@type":"WebPage","@id":"https:\/\/elixscent.com\/news\/a-softener-that-behaves-like-a-crease-releaser-introducing-amarella-fabric-softener-concentrate\/","url":"https:\/\/elixscent.com\/news\/a-softener-that-behaves-like-a-crease-releaser-introducing-amarella-fabric-softener-concentrate\/","name":"Suavizante + Acabado Sin Plancha | ELIX Amarella Expert","isPartOf":{"@id":"https:\/\/elixscent.com\/#website"},"primaryImageOfPage":{"@id":"https:\/\/elixscent.com\/news\/a-softener-that-behaves-like-a-crease-releaser-introducing-amarella-fabric-softener-concentrate\/#primaryimage"},"image":{"@id":"https:\/\/elixscent.com\/news\/a-softener-that-behaves-like-a-crease-releaser-introducing-amarella-fabric-softener-concentrate\/#primaryimage"},"thumbnailUrl":"https:\/\/elixscent.com\/wp-content\/uploads\/program-soft.png","datePublished":"2026-02-24T13:57:39+00:00","dateModified":"2026-02-24T14:37:07+00:00","description":"Conoce Amarella Suavizante Concentrado 1L: suaviza y alisa, favorece un acabado sin plancha, f\u00f3rmula antial\u00e9rgica y una sutil base perfumada para aplicar en capas","breadcrumb":{"@id":"https:\/\/elixscent.com\/news\/a-softener-that-behaves-like-a-crease-releaser-introducing-amarella-fabric-softener-concentrate\/#breadcrumb"},"inLanguage":"es","potentialAction":[{"@type":"ReadAction","target":["https:\/\/elixscent.com\/news\/a-softener-that-behaves-like-a-crease-releaser-introducing-amarella-fabric-softener-concentrate\/"]}]},{"@type":"ImageObject","inLanguage":"es","@id":"https:\/\/elixscent.com\/news\/a-softener-that-behaves-like-a-crease-releaser-introducing-amarella-fabric-softener-concentrate\/#primaryimage","url":"https:\/\/elixscent.com\/wp-content\/uploads\/program-soft.png","contentUrl":"https:\/\/elixscent.com\/wp-content\/uploads\/program-soft.png","width":1000,"height":600},{"@type":"BreadcrumbList","@id":"https:\/\/elixscent.com\/news\/a-softener-that-behaves-like-a-crease-releaser-introducing-amarella-fabric-softener-concentrate\/#breadcrumb","itemListElement":[{"@type":"ListItem","position":1,"name":"Home","item":"https:\/\/elixscent.com\/"},{"@type":"ListItem","position":2,"name":"News","item":"https:\/\/elixscent.com\/news\/"},{"@type":"ListItem","position":3,"name":"A Softener That Behaves Like a Crease Releaser \u2014 Introducing Amarella Fabric Softener Concentrate 67 washes"}]},{"@type":"WebSite","@id":"https:\/\/elixscent.com\/#website","url":"https:\/\/elixscent.com\/","name":"Ambientadores ELiX EU","description":"Aire y Tejido, Perfectamente Fresco","publisher":{"@id":"https:\/\/elixscent.com\/#organization"},"potentialAction":[{"@type":"SearchAction","target":{"@type":"EntryPoint","urlTemplate":"https:\/\/elixscent.com\/?s={search_term_string}"},"query-input":{"@type":"PropertyValueSpecification","valueRequired":true,"valueName":"search_term_string"}}],"inLanguage":"es"},{"@type":"Organization","@id":"https:\/\/elixscent.com\/#organization","name":"Fabricante de ambientadores ELIX","url":"https:\/\/elixscent.com\/","logo":{"@type":"ImageObject","inLanguage":"es","@id":"https:\/\/elixscent.com\/#\/schema\/logo\/image\/","url":"https:\/\/elixscent.com\/wp-content\/uploads\/elix_logo_1.0-_300.jpg","contentUrl":"https:\/\/elixscent.com\/wp-content\/uploads\/elix_logo_1.0-_300.jpg","width":300,"height":257,"caption":"ELIX air freshener manufacturer"},"image":{"@id":"https:\/\/elixscent.com\/#\/schema\/logo\/image\/"},"sameAs":["https:\/\/www.linkedin.com\/company\/30084929"]}]}},"_links":{"self":[{"href":"https:\/\/elixscent.com\/es\/wp-json\/wp\/v2\/news\/60695","targetHints":{"allow":["GET"]}}],"collection":[{"href":"https:\/\/elixscent.com\/es\/wp-json\/wp\/v2\/news"}],"about":[{"href":"https:\/\/elixscent.com\/es\/wp-json\/wp\/v2\/types\/news"}],"version-history":[{"count":3,"href":"https:\/\/elixscent.com\/es\/wp-json\/wp\/v2\/news\/60695\/revisions"}],"predecessor-version":[{"id":60701,"href":"https:\/\/elixscent.com\/es\/wp-json\/wp\/v2\/news\/60695\/revisions\/60701"}],"wp:featuredmedia":[{"embeddable":true,"href":"https:\/\/elixscent.com\/es\/wp-json\/wp\/v2\/media\/60697"}],"wp:attachment":[{"href":"https:\/\/elixscent.com\/es\/wp-json\/wp\/v2\/media?parent=60695"}],"curies":[{"name":"wp","href":"https:\/\/api.w.org\/{rel}","templated":true}]}}