{"id":27762,"date":"2022-09-23T09:44:04","date_gmt":"2022-09-23T09:44:04","guid":{"rendered":"https:\/\/elixscent.com\/?post_type=news&#038;p=27762"},"modified":"2025-03-28T07:29:27","modified_gmt":"2025-03-28T07:29:27","slug":"automechanika-frankfurt-2022","status":"publish","type":"news","link":"https:\/\/elixscent.com\/de\/news\/automechanika-frankfurt-2022\/","title":{"rendered":"Automechanika Frankfurt 2022 ist beendet"},"content":{"rendered":"<p>Wir m\u00f6chten uns bei allen bedanken, die uns auf der automechanika Frankfurt 2022 besucht haben. Jedes L\u00e4cheln auf Ihrem Gesicht, wenn Sie unsere Produkte gerochen haben, hat uns Kraft und Energie gegeben. Wir danken Ihnen!<\/p>\n\n\n\n<figure class=\"wp-block-gallery has-nested-images columns-default is-cropped wp-block-gallery-1 is-layout-flex wp-block-gallery-is-layout-flex\">\n<figure class=\"wp-block-image size-large\"><img loading=\"lazy\" decoding=\"async\" width=\"2560\" height=\"1920\" data-id=\"27777\" src=\"https:\/\/elixscent.com\/wp-content\/uploads\/FRA2022-webp-ee-scaled.jpg\" alt=\"\" class=\"wp-image-27777\" srcset=\"https:\/\/elixscent.com\/wp-content\/uploads\/FRA2022-webp-ee-scaled.jpg 2560w, https:\/\/elixscent.com\/wp-content\/uploads\/FRA2022-webp-ee-300x225.jpg 300w, https:\/\/elixscent.com\/wp-content\/uploads\/FRA2022-webp-ee-1024x768.jpg 1024w, https:\/\/elixscent.com\/wp-content\/uploads\/FRA2022-webp-ee-768x576.jpg 768w, https:\/\/elixscent.com\/wp-content\/uploads\/FRA2022-webp-ee-1536x1152.jpg 1536w, https:\/\/elixscent.com\/wp-content\/uploads\/FRA2022-webp-ee-2048x1536.jpg 2048w\" sizes=\"auto, (max-width: 2560px) 100vw, 2560px\" \/><\/figure>\n\n\n\n<figure class=\"wp-block-image size-large\"><img loading=\"lazy\" decoding=\"async\" width=\"2560\" height=\"1920\" data-id=\"27776\" src=\"https:\/\/elixscent.com\/wp-content\/uploads\/FRA2022-webp-e-scaled.jpg\" alt=\"\" class=\"wp-image-27776\" srcset=\"https:\/\/elixscent.com\/wp-content\/uploads\/FRA2022-webp-e-scaled.jpg 2560w, https:\/\/elixscent.com\/wp-content\/uploads\/FRA2022-webp-e-300x225.jpg 300w, https:\/\/elixscent.com\/wp-content\/uploads\/FRA2022-webp-e-1024x768.jpg 1024w, https:\/\/elixscent.com\/wp-content\/uploads\/FRA2022-webp-e-768x576.jpg 768w, https:\/\/elixscent.com\/wp-content\/uploads\/FRA2022-webp-e-1536x1152.jpg 1536w, https:\/\/elixscent.com\/wp-content\/uploads\/FRA2022-webp-e-2048x1536.jpg 2048w\" sizes=\"auto, (max-width: 2560px) 100vw, 2560px\" \/><\/figure>\n<\/figure>\n\n\n\n<figure class=\"wp-block-gallery has-nested-images columns-default is-cropped wp-block-gallery-2 is-layout-flex wp-block-gallery-is-layout-flex\">\n<figure class=\"wp-block-image size-large\"><img loading=\"lazy\" decoding=\"async\" width=\"1684\" height=\"1263\" data-id=\"27785\" src=\"https:\/\/elixscent.com\/wp-content\/uploads\/FRA2022-WS-BK-webp.jpg\" alt=\"ELiX-Lufterfrischer: Waldemar Stasiak und Bartosz Kuczek \" class=\"wp-image-27785\" srcset=\"https:\/\/elixscent.com\/wp-content\/uploads\/FRA2022-WS-BK-webp.jpg 1684w, https:\/\/elixscent.com\/wp-content\/uploads\/FRA2022-WS-BK-webp-300x225.jpg 300w, https:\/\/elixscent.com\/wp-content\/uploads\/FRA2022-WS-BK-webp-1024x768.jpg 1024w, https:\/\/elixscent.com\/wp-content\/uploads\/FRA2022-WS-BK-webp-768x576.jpg 768w, https:\/\/elixscent.com\/wp-content\/uploads\/FRA2022-WS-BK-webp-1536x1152.jpg 1536w\" sizes=\"auto, (max-width: 1684px) 100vw, 1684px\" \/><\/figure>\n\n\n\n<figure class=\"wp-block-image size-large\"><img loading=\"lazy\" decoding=\"async\" width=\"2560\" height=\"1920\" data-id=\"27786\" src=\"https:\/\/elixscent.com\/wp-content\/uploads\/FRA-2022-webp-scaled.jpg\" alt=\"\" class=\"wp-image-27786\" srcset=\"https:\/\/elixscent.com\/wp-content\/uploads\/FRA-2022-webp-scaled.jpg 2560w, https:\/\/elixscent.com\/wp-content\/uploads\/FRA-2022-webp-300x225.jpg 300w, https:\/\/elixscent.com\/wp-content\/uploads\/FRA-2022-webp-1024x768.jpg 1024w, https:\/\/elixscent.com\/wp-content\/uploads\/FRA-2022-webp-768x576.jpg 768w, https:\/\/elixscent.com\/wp-content\/uploads\/FRA-2022-webp-1536x1152.jpg 1536w, https:\/\/elixscent.com\/wp-content\/uploads\/FRA-2022-webp-2048x1536.jpg 2048w\" sizes=\"auto, (max-width: 2560px) 100vw, 2560px\" \/><\/figure>\n<\/figure>","protected":false},"featured_media":27764,"parent":0,"menu_order":0,"template":"","class_list":["post-27762","news","type-news","status-publish","has-post-thumbnail","hentry"],"acf":[],"yoast_head":"<!-- This site is optimized with the Yoast SEO Premium plugin v27.4 (Yoast SEO v27.5) - https:\/\/yoast.com\/product\/yoast-seo-premium-wordpress\/ -->\n<title>Automechanika Frankfurt 2022 is done - ELiX EU air fresheners<\/title>\n<meta name=\"description\" content=\"Waldemar Stasiak dzi\u0119kuje wszystkim odwiedzaj\u0105cym ELiX podczas Automechanika Frankfurt 2022 i u\u015bmiechy klient\u00f3w.\" \/>\n<meta name=\"robots\" content=\"index, follow, max-snippet:-1, max-image-preview:large, max-video-preview:-1\" \/>\n<link rel=\"canonical\" href=\"https:\/\/elixscent.com\/de\/nachrichten\/automechanika-frankfurt-2022\/\" \/>\n<meta property=\"og:locale\" content=\"de_DE\" \/>\n<meta property=\"og:type\" content=\"article\" \/>\n<meta property=\"og:title\" content=\"Automechanika Frankfurt 2022 is done\" \/>\n<meta property=\"og:description\" content=\"Waldemar Stasiak dzi\u0119kuje wszystkim odwiedzaj\u0105cym ELiX podczas Automechanika Frankfurt 2022 i u\u015bmiechy klient\u00f3w.\" \/>\n<meta property=\"og:url\" content=\"https:\/\/elixscent.com\/de\/nachrichten\/automechanika-frankfurt-2022\/\" \/>\n<meta property=\"og:site_name\" content=\"ELiX EU air fresheners\" \/>\n<meta property=\"article:modified_time\" content=\"2025-03-28T07:29:27+00:00\" \/>\n<meta property=\"og:image\" content=\"https:\/\/elixscent.com\/wp-content\/uploads\/FRA2022-a-webp-e-scaled.jpg\" \/>\n\t<meta property=\"og:image:width\" content=\"2560\" \/>\n\t<meta property=\"og:image:height\" content=\"1920\" \/>\n\t<meta property=\"og:image:type\" content=\"image\/jpeg\" \/>\n<meta name=\"twitter:card\" content=\"summary_large_image\" \/>\n<meta name=\"twitter:label1\" content=\"Gesch\u00e4tzte Lesezeit\" \/>\n\t<meta name=\"twitter:data1\" content=\"2\u00a0Minuten\" \/>\n<script type=\"application\/ld+json\" class=\"yoast-schema-graph\">{\"@context\":\"https:\\\/\\\/schema.org\",\"@graph\":[{\"@type\":\"WebPage\",\"@id\":\"https:\\\/\\\/elixscent.com\\\/news\\\/automechanika-frankfurt-2022\\\/\",\"url\":\"https:\\\/\\\/elixscent.com\\\/news\\\/automechanika-frankfurt-2022\\\/\",\"name\":\"Automechanika Frankfurt 2022 is done - ELiX EU air fresheners\",\"isPartOf\":{\"@id\":\"https:\\\/\\\/elixscent.com\\\/#website\"},\"primaryImageOfPage\":{\"@id\":\"https:\\\/\\\/elixscent.com\\\/news\\\/automechanika-frankfurt-2022\\\/#primaryimage\"},\"image\":{\"@id\":\"https:\\\/\\\/elixscent.com\\\/news\\\/automechanika-frankfurt-2022\\\/#primaryimage\"},\"thumbnailUrl\":\"https:\\\/\\\/elixscent.com\\\/wp-content\\\/uploads\\\/FRA2022-a-webp-e-scaled.jpg\",\"datePublished\":\"2022-09-23T09:44:04+00:00\",\"dateModified\":\"2025-03-28T07:29:27+00:00\",\"description\":\"Waldemar Stasiak dzi\u0119kuje wszystkim odwiedzaj\u0105cym ELiX podczas Automechanika Frankfurt 2022 i u\u015bmiechy klient\u00f3w.\",\"breadcrumb\":{\"@id\":\"https:\\\/\\\/elixscent.com\\\/news\\\/automechanika-frankfurt-2022\\\/#breadcrumb\"},\"inLanguage\":\"de\",\"potentialAction\":[{\"@type\":\"ReadAction\",\"target\":[\"https:\\\/\\\/elixscent.com\\\/news\\\/automechanika-frankfurt-2022\\\/\"]}]},{\"@type\":\"ImageObject\",\"inLanguage\":\"de\",\"@id\":\"https:\\\/\\\/elixscent.com\\\/news\\\/automechanika-frankfurt-2022\\\/#primaryimage\",\"url\":\"https:\\\/\\\/elixscent.com\\\/wp-content\\\/uploads\\\/FRA2022-a-webp-e-scaled.jpg\",\"contentUrl\":\"https:\\\/\\\/elixscent.com\\\/wp-content\\\/uploads\\\/FRA2022-a-webp-e-scaled.jpg\",\"width\":2560,\"height\":1920,\"caption\":\"FRA2022 a webp e scaled\"},{\"@type\":\"BreadcrumbList\",\"@id\":\"https:\\\/\\\/elixscent.com\\\/news\\\/automechanika-frankfurt-2022\\\/#breadcrumb\",\"itemListElement\":[{\"@type\":\"ListItem\",\"position\":1,\"name\":\"Home\",\"item\":\"https:\\\/\\\/elixscent.com\\\/\"},{\"@type\":\"ListItem\",\"position\":2,\"name\":\"News\",\"item\":\"https:\\\/\\\/elixscent.com\\\/news\\\/\"},{\"@type\":\"ListItem\",\"position\":3,\"name\":\"Automechanika Frankfurt 2022 is done\"}]},{\"@type\":\"WebSite\",\"@id\":\"https:\\\/\\\/elixscent.com\\\/#website\",\"url\":\"https:\\\/\\\/elixscent.com\\\/\",\"name\":\"ELiX EU air fresheners\",\"description\":\"Air &amp; Fabric, Perfectly Fresh\",\"publisher\":{\"@id\":\"https:\\\/\\\/elixscent.com\\\/#organization\"},\"potentialAction\":[{\"@type\":\"SearchAction\",\"target\":{\"@type\":\"EntryPoint\",\"urlTemplate\":\"https:\\\/\\\/elixscent.com\\\/?s={search_term_string}\"},\"query-input\":{\"@type\":\"PropertyValueSpecification\",\"valueRequired\":true,\"valueName\":\"search_term_string\"}}],\"inLanguage\":\"de\"},{\"@type\":\"Organization\",\"@id\":\"https:\\\/\\\/elixscent.com\\\/#organization\",\"name\":\"ELIX air freshener manufacturer\",\"url\":\"https:\\\/\\\/elixscent.com\\\/\",\"logo\":{\"@type\":\"ImageObject\",\"inLanguage\":\"de\",\"@id\":\"https:\\\/\\\/elixscent.com\\\/#\\\/schema\\\/logo\\\/image\\\/\",\"url\":\"https:\\\/\\\/elixscent.com\\\/wp-content\\\/uploads\\\/elix_logo_1.0-_300.jpg\",\"contentUrl\":\"https:\\\/\\\/elixscent.com\\\/wp-content\\\/uploads\\\/elix_logo_1.0-_300.jpg\",\"width\":300,\"height\":257,\"caption\":\"ELIX air freshener manufacturer\"},\"image\":{\"@id\":\"https:\\\/\\\/elixscent.com\\\/#\\\/schema\\\/logo\\\/image\\\/\"},\"sameAs\":[\"https:\\\/\\\/www.linkedin.com\\\/company\\\/30084929\"]}]}<\/script>\n<!-- \/ Yoast SEO Premium plugin. -->","yoast_head_json":{"title":"Automechanika Frankfurt 2022 ist vorbei - ELiX EU Lufterfrischer","description":"Waldemar Stasiak ist f\u00fcr ELiX auf der Automechanika Frankfurt 2022 und f\u00fcr seine Kunden t\u00e4tig.","robots":{"index":"index","follow":"follow","max-snippet":"max-snippet:-1","max-image-preview":"max-image-preview:large","max-video-preview":"max-video-preview:-1"},"canonical":"https:\/\/elixscent.com\/de\/nachrichten\/automechanika-frankfurt-2022\/","og_locale":"de_DE","og_type":"article","og_title":"Automechanika Frankfurt 2022 is done","og_description":"Waldemar Stasiak dzi\u0119kuje wszystkim odwiedzaj\u0105cym ELiX podczas Automechanika Frankfurt 2022 i u\u015bmiechy klient\u00f3w.","og_url":"https:\/\/elixscent.com\/de\/nachrichten\/automechanika-frankfurt-2022\/","og_site_name":"ELiX EU air fresheners","article_modified_time":"2025-03-28T07:29:27+00:00","og_image":[{"width":2560,"height":1920,"url":"https:\/\/elixscent.com\/wp-content\/uploads\/FRA2022-a-webp-e-scaled.jpg","type":"image\/jpeg"}],"twitter_card":"summary_large_image","twitter_misc":{"Gesch\u00e4tzte Lesezeit":"2\u00a0Minuten"},"schema":{"@context":"https:\/\/schema.org","@graph":[{"@type":"WebPage","@id":"https:\/\/elixscent.com\/news\/automechanika-frankfurt-2022\/","url":"https:\/\/elixscent.com\/news\/automechanika-frankfurt-2022\/","name":"Automechanika Frankfurt 2022 ist vorbei - ELiX EU Lufterfrischer","isPartOf":{"@id":"https:\/\/elixscent.com\/#website"},"primaryImageOfPage":{"@id":"https:\/\/elixscent.com\/news\/automechanika-frankfurt-2022\/#primaryimage"},"image":{"@id":"https:\/\/elixscent.com\/news\/automechanika-frankfurt-2022\/#primaryimage"},"thumbnailUrl":"https:\/\/elixscent.com\/wp-content\/uploads\/FRA2022-a-webp-e-scaled.jpg","datePublished":"2022-09-23T09:44:04+00:00","dateModified":"2025-03-28T07:29:27+00:00","description":"Waldemar Stasiak ist f\u00fcr ELiX auf der Automechanika Frankfurt 2022 und f\u00fcr seine Kunden t\u00e4tig.","breadcrumb":{"@id":"https:\/\/elixscent.com\/news\/automechanika-frankfurt-2022\/#breadcrumb"},"inLanguage":"de","potentialAction":[{"@type":"ReadAction","target":["https:\/\/elixscent.com\/news\/automechanika-frankfurt-2022\/"]}]},{"@type":"ImageObject","inLanguage":"de","@id":"https:\/\/elixscent.com\/news\/automechanika-frankfurt-2022\/#primaryimage","url":"https:\/\/elixscent.com\/wp-content\/uploads\/FRA2022-a-webp-e-scaled.jpg","contentUrl":"https:\/\/elixscent.com\/wp-content\/uploads\/FRA2022-a-webp-e-scaled.jpg","width":2560,"height":1920,"caption":"FRA2022 a webp e scaled"},{"@type":"BreadcrumbList","@id":"https:\/\/elixscent.com\/news\/automechanika-frankfurt-2022\/#breadcrumb","itemListElement":[{"@type":"ListItem","position":1,"name":"Home","item":"https:\/\/elixscent.com\/"},{"@type":"ListItem","position":2,"name":"News","item":"https:\/\/elixscent.com\/news\/"},{"@type":"ListItem","position":3,"name":"Automechanika Frankfurt 2022 is done"}]},{"@type":"WebSite","@id":"https:\/\/elixscent.com\/#website","url":"https:\/\/elixscent.com\/","name":"ELiX EU-Lufterfrischer","description":"Luft &amp; Stoff, perfekt frisch","publisher":{"@id":"https:\/\/elixscent.com\/#organization"},"potentialAction":[{"@type":"SearchAction","target":{"@type":"EntryPoint","urlTemplate":"https:\/\/elixscent.com\/?s={search_term_string}"},"query-input":{"@type":"PropertyValueSpecification","valueRequired":true,"valueName":"search_term_string"}}],"inLanguage":"de"},{"@type":"Organization","@id":"https:\/\/elixscent.com\/#organization","name":"ELIX Lufterfrischer Hersteller","url":"https:\/\/elixscent.com\/","logo":{"@type":"ImageObject","inLanguage":"de","@id":"https:\/\/elixscent.com\/#\/schema\/logo\/image\/","url":"https:\/\/elixscent.com\/wp-content\/uploads\/elix_logo_1.0-_300.jpg","contentUrl":"https:\/\/elixscent.com\/wp-content\/uploads\/elix_logo_1.0-_300.jpg","width":300,"height":257,"caption":"ELIX air freshener manufacturer"},"image":{"@id":"https:\/\/elixscent.com\/#\/schema\/logo\/image\/"},"sameAs":["https:\/\/www.linkedin.com\/company\/30084929"]}]}},"_links":{"self":[{"href":"https:\/\/elixscent.com\/de\/wp-json\/wp\/v2\/news\/27762","targetHints":{"allow":["GET"]}}],"collection":[{"href":"https:\/\/elixscent.com\/de\/wp-json\/wp\/v2\/news"}],"about":[{"href":"https:\/\/elixscent.com\/de\/wp-json\/wp\/v2\/types\/news"}],"version-history":[{"count":17,"href":"https:\/\/elixscent.com\/de\/wp-json\/wp\/v2\/news\/27762\/revisions"}],"predecessor-version":[{"id":56916,"href":"https:\/\/elixscent.com\/de\/wp-json\/wp\/v2\/news\/27762\/revisions\/56916"}],"wp:featuredmedia":[{"embeddable":true,"href":"https:\/\/elixscent.com\/de\/wp-json\/wp\/v2\/media\/27764"}],"wp:attachment":[{"href":"https:\/\/elixscent.com\/de\/wp-json\/wp\/v2\/media?parent=27762"}],"curies":[{"name":"wp","href":"https:\/\/api.w.org\/{rel}","templated":true}]}}